{"id":305,"date":"2013-05-07T08:33:03","date_gmt":"2013-05-07T08:33:03","guid":{"rendered":"http:\/\/www.schwebedeckelkombinat.de\/?p=305"},"modified":"2013-05-13T19:02:36","modified_gmt":"2013-05-13T19:02:36","slug":"luna-cup-2013","status":"publish","type":"post","link":"http:\/\/www.schwebedeckelkombinat.de\/?p=305","title":{"rendered":"Luna Cup 2013"},"content":{"rendered":"<p>Der geneigte Leser dieses Vereinsorgans wird sicherlich schon besorgt um die Vitalit\u00e4t des real existierenden Frisbeesports in Vorpommern sein. Doch allein die Pr\u00e4senz von f\u00fcnf Aktivisten des Schwebedeckelkombinats beim Luna Cup in Potsdam beweist den ungebrochenen Willen, dem Mangel an Talent und \u00dcbung mit Geschlossenheit zu begegnen. Unsere Nachwuchshoffnung Tim zeigte eine fast schon dialektische Pr\u00e4sentation seines K\u00f6nnens, wogegen Genosse Christoph die Erwartungen entt\u00e4uschte. Der Vorstand bot eine geschlossene Leistung und konnte sich vollst\u00e4ndig in der Top 10 platzieren. Als Saisonauftakt werden wir die Lehren aus den Runden mit in unser Training aufnehmen. Die n\u00e4chste Leistungsschau der Discgolfmeister von morgen wird Anfang Juni im Wedding stattfinden. <\/p>\n","protected":false},"excerpt":{"rendered":"<p>Der geneigte Leser dieses Vereinsorgans wird sicherlich schon besorgt um die Vitalit\u00e4t des real existierenden Frisbeesports in Vorpommern sein. Doch allein die Pr\u00e4senz von f\u00fcnf Aktivisten des Schwebedeckelkombinats beim Luna Cup in Potsdam beweist den ungebrochenen Willen, dem Mangel an &hellip; <a href=\"http:\/\/www.schwebedeckelkombinat.de\/?p=305\">Weiterlesen <span class=\"meta-nav\">&rarr;<\/span><\/a><\/p>\n","protected":false},"author":1,"featured_media":0,"comment_status":"open","ping_status":"open","sticky":false,"template":"","format":"standard","meta":[],"categories":[1],"tags":[],"_links":{"self":[{"href":"http:\/\/www.schwebedeckelkombinat.de\/index.php?rest_route=\/wp\/v2\/posts\/305"}],"collection":[{"href":"http:\/\/www.schwebedeckelkombinat.de\/index.php?rest_route=\/wp\/v2\/posts"}],"about":[{"href":"http:\/\/www.schwebedeckelkombinat.de\/index.php?rest_route=\/wp\/v2\/types\/post"}],"author":[{"embeddable":true,"href":"http:\/\/www.schwebedeckelkombinat.de\/index.php?rest_route=\/wp\/v2\/users\/1"}],"replies":[{"embeddable":true,"href":"http:\/\/www.schwebedeckelkombinat.de\/index.php?rest_route=%2Fwp%2Fv2%2Fcomments&post=305"}],"version-history":[{"count":4,"href":"http:\/\/www.schwebedeckelkombinat.de\/index.php?rest_route=\/wp\/v2\/posts\/305\/revisions"}],"predecessor-version":[{"id":322,"href":"http:\/\/www.schwebedeckelkombinat.de\/index.php?rest_route=\/wp\/v2\/posts\/305\/revisions\/322"}],"wp:attachment":[{"href":"http:\/\/www.schwebedeckelkombinat.de\/index.php?rest_route=%2Fwp%2Fv2%2Fmedia&parent=305"}],"wp:term":[{"taxonomy":"category","embeddable":true,"href":"http:\/\/www.schwebedeckelkombinat.de\/index.php?rest_route=%2Fwp%2Fv2%2Fcategories&post=305"},{"taxonomy":"post_tag","embeddable":true,"href":"http:\/\/www.schwebedeckelkombinat.de\/index.php?rest_route=%2Fwp%2Fv2%2Ftags&post=305"}],"curies":[{"name":"wp","href":"https:\/\/api.w.org\/{rel}","templated":true}]}}